{"id":2056,"date":"2025-08-09T08:07:00","date_gmt":"2025-08-09T08:07:00","guid":{"rendered":"https:\/\/guerisseurdelinvisible.ch\/?p=2056"},"modified":"2026-07-01T11:20:31","modified_gmt":"2026-07-01T11:20:31","slug":"bien-venue-sur-le-site-du-guerisseur-de-linvisible","status":"publish","type":"post","link":"https:\/\/guerisseurdelinvisible.ch\/?p=2056","title":{"rendered":"Bienvenue sur le site de Daniel Gu\u00e9risseur"},"content":{"rendered":"\n<p class=\"has-text-align-center has-white-color has-vivid-green-cyan-background-color has-text-color has-background\"><strong>Lib\u00e9rez ce qui vous bloque et retrouvez votre \u00e9quilibre int\u00e9rieur<\/strong><\/p>\n\n\n\n<p class=\"has-text-align-left has-black-color has-text-color\" style=\"font-size:15px\">Depuis plus de 20 ans, j\u2019accompagne les personnes qui se sentent bloqu\u00e9es, \u00e9puis\u00e9es ou en perte de rep\u00e8res \u00e0 retrouver leur \u00e9nergie, leur stabilit\u00e9 et leur clart\u00e9.<\/p>\n\n\n\n<p class=\"has-text-align-center\" style=\"font-size:15px\"><strong>Consultations \u00e0 \u00c9challens, Villars-Tiercelin et \u00e0 distance<\/strong><\/p>\n\n\n\n<p><strong>Praticien \u00e9nerg\u00e9tique \u2013 transformation int\u00e9rieure<\/strong><\/p>\n\n\n\n<div class=\"wp-block-media-text alignwide is-stacked-on-mobile\" style=\"grid-template-columns:33% auto\"><figure class=\"wp-block-media-text__media\"><img loading=\"lazy\" width=\"974\" height=\"1024\" src=\"https:\/\/guerisseurdelinvisible.ch\/wp-content\/uploads\/2025\/10\/moi-echallens-1-974x1024.jpg\" alt=\"\" class=\"wp-image-4248 size-full\" srcset=\"https:\/\/guerisseurdelinvisible.ch\/wp-content\/uploads\/2025\/10\/moi-echallens-1-974x1024.jpg 974w, https:\/\/guerisseurdelinvisible.ch\/wp-content\/uploads\/2025\/10\/moi-echallens-1-285x300.jpg 285w, https:\/\/guerisseurdelinvisible.ch\/wp-content\/uploads\/2025\/10\/moi-echallens-1-768x807.jpg 768w, https:\/\/guerisseurdelinvisible.ch\/wp-content\/uploads\/2025\/10\/moi-echallens-1-1461x1536.jpg 1461w, https:\/\/guerisseurdelinvisible.ch\/wp-content\/uploads\/2025\/10\/moi-echallens-1-1949x2048.jpg 1949w\" sizes=\"(max-width: 706px) 89vw, (max-width: 767px) 82vw, 740px\" \/><\/figure><div class=\"wp-block-media-text__content\">\n<p class=\"has-black-color has-text-color\" style=\"font-size:15px\">Mon travail consiste \u00e0 identifier ce qui freine votre \u00e9lan, perturbe votre \u00e9quilibre ou entretient des blocages, puis \u00e0 accompagner leur lib\u00e9ration.<br>Je ne cherche pas seulement \u00e0 soulager un sympt\u00f4me. J\u2019accompagne un processus de r\u00e9\u00e9quilibrage global, afin de permettre un changement r\u00e9el et durable.<br>Mon approche ne remplace pas la m\u00e9decine conventionnelle. Elle vient en compl\u00e9ment.<\/p>\n<\/div><\/div>\n\n\n\n<p class=\"has-black-color has-text-color\" style=\"font-size:17px\"><strong>Je vous propose diff\u00e9rents types d\u2019accompagnement, selon votre besoin :<\/strong><\/p>\n\n\n\n<ul class=\"has-black-color has-text-color\" style=\"font-size:15px\"><li><strong>Reiki Usui<\/strong><br>Une approche \u00e9nerg\u00e9tique douce favorisant l\u2019\u00e9quilibre, l\u2019apaisement et la circulation de l\u2019\u00e9nergie vitale.<\/li><li><strong>Bio\u00e9nergie<\/strong><br>Un travail de perception et de r\u00e9\u00e9quilibrage visant \u00e0 mettre en lumi\u00e8re et \u00e0 lib\u00e9rer certaines causes profondes de d\u00e9s\u00e9quilibre.<\/li><li><strong>Lib\u00e9ration des cha\u00eenes, contrats, pactes et v\u0153ux n\u00e9gatifs<\/strong><br>Un protocole verbal d\u00e9velopp\u00e9 au fil des ann\u00e9es pour aider \u00e0 dissoudre certains sch\u00e9mas limitants et restaurer un espace int\u00e9rieur plus libre.<\/li><li><strong>D\u00e9simplantation spirituelle<\/strong><br>Un travail sp\u00e9cifique de lib\u00e9ration des dispositifs de limitation et d\u2019influences perturbatrices.<\/li><li><strong>Chamanisme<\/strong><br>Une approche fond\u00e9e sur l\u2019exp\u00e9rience des \u00e9tats de conscience modifi\u00e9s, au service de la gu\u00e9rison, de la clart\u00e9 et du r\u00e9alignement.<\/li><li><strong>Passage des \u00e2mes<\/strong><br>Un accompagnement spirituel destin\u00e9 \u00e0 soutenir les \u00e2mes humaines d\u00e9sincarn\u00e9es dans leur cheminement vers la lumi\u00e8re.<\/li><\/ul>\n\n\n\n<div class=\"wp-block-media-text alignwide is-stacked-on-mobile\" style=\"grid-template-columns:40% auto\"><figure class=\"wp-block-media-text__media\"><img loading=\"lazy\" width=\"890\" height=\"599\" src=\"https:\/\/guerisseurdelinvisible.ch\/wp-content\/uploads\/2025\/05\/massage-reiki.jpg\" alt=\"\" class=\"wp-image-3214 size-full\" srcset=\"https:\/\/guerisseurdelinvisible.ch\/wp-content\/uploads\/2025\/05\/massage-reiki.jpg 890w, https:\/\/guerisseurdelinvisible.ch\/wp-content\/uploads\/2025\/05\/massage-reiki-300x202.jpg 300w, https:\/\/guerisseurdelinvisible.ch\/wp-content\/uploads\/2025\/05\/massage-reiki-768x517.jpg 768w\" sizes=\"(max-width: 706px) 89vw, (max-width: 767px) 82vw, 740px\" \/><\/figure><div class=\"wp-block-media-text__content\">\n<p class=\"has-black-color has-text-color\" style=\"font-size:15px\">U<strong>ne approche en profondeur<\/strong><\/p>\n\n\n\n<p class=\"has-black-color has-text-color\" style=\"font-size:15px\">Ce travail permet d\u2019all\u00e9ger des charges anciennes, de relancer la circulation \u00e9nerg\u00e9tique et de retrouver un \u00e9quilibre int\u00e9rieur.<\/p>\n\n\n\n<p class=\"has-black-color has-text-color\" style=\"font-size:15px\">C\u2019est un processus discret, mais r\u00e9el.<\/p>\n<\/div><\/div>\n\n\n\n<p style=\"font-size:17px\"><strong>Gu\u00e9risseur de l\u2019Invisible \u2013 Qui suis-je<\/strong> <strong>?<\/strong><\/p>\n\n\n\n<p class=\"has-black-color has-text-color\" style=\"font-size:15px\">Je me suis souvent senti (\u00e0 part) consient qu&rsquo;au-del\u00e0 du visible, il existe des mouvements subtile qui influencent.<br>Depuis plus de vingt ans, j&rsquo;explore ces dimentions avec respect, intuition et engagement.<br>Mon intention est simple : vous aider \u00e0 retrouver votre axe, votre \u00e9nergie et votre clart\u00e9 int\u00e9rieure.<\/p>\n\n\n\n<p class=\"has-black-color has-white-background-color has-text-color has-background\" style=\"font-size:17px\"><strong>Je propose \u00e9galement des massages personnalis\u00e9s<\/strong> <strong>manuels, dont la qualit\u00e9 et la pr\u00e9cision se sont d\u00e9velopp\u00e9es au fil de plus de 20 ans d\u2019exp\u00e9rience.<\/strong><br>Chaque s\u00e9ance est pens\u00e9e avec pr\u00e9cision, pr\u00e9sence et adaptation.<br>Ce travail favorise le rel\u00e2chement musculaire, une meilleure circulation, un ancrage plus profond et une sensation durable de stabilit\u00e9 int\u00e9rieure.<\/p>\n\n\n\n<div class=\"wp-block-media-text alignwide is-stacked-on-mobile is-image-fill\" style=\"grid-template-columns:40% auto\"><figure class=\"wp-block-media-text__media\" style=\"background-image:url(https:\/\/guerisseurdelinvisible.ch\/wp-content\/uploads\/2025\/05\/massage-linges-7.jpg);background-position:50% 50%\"><img loading=\"lazy\" width=\"894\" height=\"602\" src=\"https:\/\/guerisseurdelinvisible.ch\/wp-content\/uploads\/2025\/05\/massage-linges-7.jpg\" alt=\"\" class=\"wp-image-3207 size-full\" srcset=\"https:\/\/guerisseurdelinvisible.ch\/wp-content\/uploads\/2025\/05\/massage-linges-7.jpg 894w, https:\/\/guerisseurdelinvisible.ch\/wp-content\/uploads\/2025\/05\/massage-linges-7-300x202.jpg 300w, https:\/\/guerisseurdelinvisible.ch\/wp-content\/uploads\/2025\/05\/massage-linges-7-768x517.jpg 768w\" sizes=\"(max-width: 706px) 89vw, (max-width: 767px) 82vw, 740px\" \/><\/figure><div class=\"wp-block-media-text__content\">\n<p>Je propose notamment :<\/p>\n\n\n\n<ul class=\"has-black-color has-text-color\" style=\"font-size:15px\"><li>massages manuels th\u00e9rapeutiques et classiques<\/li><li>massages aux pierres chaudes<\/li><li>massage assis sur chaise<\/li><\/ul>\n\n\n\n<p class=\"has-black-color has-text-color\" style=\"font-size:15px\">Un travail pr\u00e9cis, profond et adapt\u00e9 \u00e0 chaque personne.<br>Favorise le rel\u00e2chement, la circulation et un ancrage durable.<\/p>\n<\/div><\/div>\n\n\n\n<p class=\"has-text-align-center\">Je vous re\u00e7ois \u00e0 deux adresses :<\/p>\n\n\n\n<div class=\"wp-container-3 wp-block-columns\">\n<div class=\"wp-container-1 wp-block-column\">\n<p class=\"has-black-color has-text-color\" style=\"font-size:17px\"><strong>Echallens<\/strong> chemin de l&rsquo;Usine 8b<br>Centre de sant\u00e9 holistique &amp; bien-\u00eatre<br><strong>Plus d&rsquo;infos<\/strong> <mark style=\"background-color:rgba(0, 0, 0, 0)\" class=\"has-inline-color has-vivid-red-color\"><strong>\ud83d\udd39\ud83d\udc49<\/strong><\/mark> <em><strong><a href=\"https:\/\/guerisseurdelinvisible.ch\/?page_id=4099\"><mark style=\"background-color:rgba(0, 0, 0, 0)\" class=\"has-inline-color has-vivid-red-color\">ICI<\/mark><\/a><\/strong><mark style=\"background-color:rgba(0, 0, 0, 0)\" class=\"has-inline-color has-vivid-red-color\"> <\/mark><\/em><br><strong>Place de parc gratuite<\/strong> devant le cabinet<br>Arr\u00eat de bus \u00e0 proximit\u00e9 <\/p>\n<\/div>\n\n\n\n<div class=\"wp-container-2 wp-block-column\">\n<p class=\"has-black-color has-text-color\" style=\"font-size:17px\"><strong>Villars-Tiercelin<\/strong> la Sapelle 8<br>Cabinet priv\u00e9<br><strong>Plus d&rsquo;infos <\/strong>\ud83d\udd39\ud83d\udc49<strong><a href=\"https:\/\/guerisseurdelinvisible.ch\/?page_id=264\">ICI<\/a><\/strong><br>Place de parc gratuite devant <\/p>\n<\/div>\n<\/div>\n\n\n\n<p class=\"has-black-color has-text-color has-background\" style=\"background-color:#eed183;font-size:15px\">Je suis l\u00e0 pour vous accompagner, pas \u00e0 pas, <br>dans votre cheminement vers un <strong>mieux-\u00eatre global<\/strong>.<br>Avez-vous des questions sur l\u2019une de ces approches ? <br>ou sur la mani\u00e8re dont ils peuvent vous aider ?<br><strong>Un audit personnalis\u00e9 gratuit<\/strong> pour y r\u00e9pondre.<br><strong>Cliquez ici pour en profiter <\/strong> <mark style=\"background-color:rgba(0, 0, 0, 0)\" class=\"has-inline-color has-vivid-red-color\"><strong>\ud83d\udd39\ud83d\udc49<\/strong><\/mark><a href=\"https:\/\/guerisseurdelinvisible.ch\/?page_id=38\"><mark style=\"background-color:rgba(0, 0, 0, 0)\" class=\"has-inline-color has-vivid-red-color\"><strong>contact<\/strong><\/mark><\/a><br>Ou appeler Daniel directement \u2192 <strong><mark style=\"background-color:rgba(0, 0, 0, 0)\" class=\"has-inline-color has-vivid-red-color\">+41 (0)79 481 80 00<\/mark><\/strong><\/p>\n\n\n\n<p class=\"has-black-color has-text-color\" style=\"font-size:15px\"><strong>Accompagnant \u00e9nerg\u00e9tique &#8211; transformation int\u00e9rieure<\/strong><br><strong>Gu\u00e9risseur de l\u2019Invisible \u2013 Qui suis-je<\/strong> <strong>?<\/strong><\/p>\n\n\n\n<p class=\"has-black-color has-text-color\" style=\"font-size:15px\">Je me suis souvent senti \u00ab \u00e0 part \u00bb. Non pas s\u00e9par\u00e9, mais conscient qu\u2019au-del\u00e0 du visible, il existe des mouvements subtils qui influencent nos vies.<br>Tr\u00e8s t\u00f4t, j\u2019ai per\u00e7u que certaines douleurs, tensions ou blocages r\u00e9currents ne sont pas de simples accidents, mais des signaux \u00e0 comprendre.<br>Depuis plus de vingt ans, j\u2019explore ces dimensions avec respect, intuition et engagement. Mon chemin s\u2019est construit dans l\u2019exp\u00e9rience directe, l\u2019\u00e9coute profonde et l\u2019observation de l\u2019\u00eatre humain dans sa globalit\u00e9.<br>J\u2019ai appris \u00e0 faire confiance \u00e0 ce qui se manifeste dans l\u2019instant, \u00e0 cette intelligence subtile qui traverse le corps et l\u2019\u00e9nergie.<\/p>\n\n\n\n<p class=\"has-black-color has-text-color\" style=\"font-size:15px\">Lorsque je vous accompagne, je ne cherche pas seulement \u00e0 soulager un sympt\u00f4me.<br>Je vais \u00e0 la rencontre de ce qui demande \u00e0 \u00eatre reconnu, lib\u00e9r\u00e9 et transform\u00e9.<br>Ce travail permet :<\/p>\n\n\n\n<p class=\"has-black-color has-text-color\" style=\"font-size:15px\">\u2022 d\u2019all\u00e9ger des charges anciennes<br>\u2022 de relancer la circulation \u00e9nerg\u00e9tique<br>\u2022 de retrouver un \u00e9quilibre int\u00e9rieur<\/p>\n\n\n\n<p class=\"has-black-color has-text-color\" style=\"font-size:15px\">C\u2019est un processus en profondeur, souvent discret, mais r\u00e9el.<br>Mon approche ne remplace pas la m\u00e9decine conventionnelle. Elle vient en compl\u00e9ment, dans une dimension \u00e9nerg\u00e9tique et humaine.<br>Elle s\u2019adresse \u00e0 celles et ceux qui ressentent qu\u2019un changement est possible, qu\u2019un r\u00e9alignement est n\u00e9cessaire, ou qu\u2019il est temps de se lib\u00e9rer de ce qui p\u00e8se.<br>Gu\u00e9risseur de l\u2019Invisible, j\u2019accompagne avec pr\u00e9sence, conscience et responsabilit\u00e9.<br>Mon intention est simple : vous aider \u00e0 retrouver votre axe, votre \u00e9nergie et votre clart\u00e9 int\u00e9rieure.<\/p>\n\n\n\n<div class=\"wp-block-media-text alignwide has-media-on-the-right is-stacked-on-mobile is-image-fill\" style=\"grid-template-columns:auto 31%\"><figure class=\"wp-block-media-text__media\" style=\"background-image:url(https:\/\/guerisseurdelinvisible.ch\/wp-content\/uploads\/2025\/10\/moi-echallens-1-974x1024.jpg);background-position:50% 50%\"><img loading=\"lazy\" width=\"974\" height=\"1024\" src=\"https:\/\/guerisseurdelinvisible.ch\/wp-content\/uploads\/2025\/10\/moi-echallens-1-974x1024.jpg\" alt=\"\" class=\"wp-image-4248 size-full\" srcset=\"https:\/\/guerisseurdelinvisible.ch\/wp-content\/uploads\/2025\/10\/moi-echallens-1-974x1024.jpg 974w, https:\/\/guerisseurdelinvisible.ch\/wp-content\/uploads\/2025\/10\/moi-echallens-1-285x300.jpg 285w, https:\/\/guerisseurdelinvisible.ch\/wp-content\/uploads\/2025\/10\/moi-echallens-1-768x807.jpg 768w, https:\/\/guerisseurdelinvisible.ch\/wp-content\/uploads\/2025\/10\/moi-echallens-1-1461x1536.jpg 1461w, https:\/\/guerisseurdelinvisible.ch\/wp-content\/uploads\/2025\/10\/moi-echallens-1-1949x2048.jpg 1949w\" sizes=\"(max-width: 706px) 89vw, (max-width: 767px) 82vw, 740px\" \/><\/figure><div class=\"wp-block-media-text__content\">\n<p class=\"has-black-color has-text-color\" style=\"font-size:15px\">Un br\u00e8f ajout, <strong>Mon regard sur l&rsquo;humain<\/strong><br>Je consid\u00e8re que l\u2019\u00eatre humain a progressivement perdu une partie de sa connexion naturelle.<br>Au fil du temps, les exp\u00e9riences, les sch\u00e9mas de pens\u00e9e et les conditionnements peuvent cr\u00e9er des d\u00e9s\u00e9quilibres, des charges ou des blocages qui influencent notre mani\u00e8re d\u2019\u00eatre.<br>Mon travail consiste \u00e0 accompagner la lib\u00e9ration de ces influences afin de permettre \u00e0 chacun de retrouver plus de coh\u00e9rence, de stabilit\u00e9 et de libert\u00e9 int\u00e9rieure.<br><strong>Plus d&rsquo;infos,<\/strong> Clic\ud83d\udc49<strong><a href=\"https:\/\/guerisseurdelinvisible.ch\/?page_id=448\"><mark><mark style=\"background-color:rgba(0, 0, 0, 0)\" class=\"has-inline-color has-vivid-red-color\">Daniel Dormond<\/mark><\/mark><\/a><\/strong><\/p>\n<\/div><\/div>\n\n\n\n<hr class=\"wp-block-separator has-alpha-channel-opacity\"\/>\n\n\n\n<div class=\"wp-block-media-text alignwide is-stacked-on-mobile is-vertically-aligned-center\" style=\"grid-template-columns:24% auto\"><figure class=\"wp-block-media-text__media\"><img loading=\"lazy\" width=\"969\" height=\"815\" src=\"https:\/\/guerisseurdelinvisible.ch\/wp-content\/uploads\/2025\/07\/back-3.jpg\" alt=\"\" class=\"wp-image-3310 size-full\" srcset=\"https:\/\/guerisseurdelinvisible.ch\/wp-content\/uploads\/2025\/07\/back-3.jpg 969w, https:\/\/guerisseurdelinvisible.ch\/wp-content\/uploads\/2025\/07\/back-3-300x252.jpg 300w, https:\/\/guerisseurdelinvisible.ch\/wp-content\/uploads\/2025\/07\/back-3-768x646.jpg 768w\" sizes=\"(max-width: 706px) 89vw, (max-width: 767px) 82vw, 740px\" \/><\/figure><div class=\"wp-block-media-text__content\">\n<p style=\"font-size:17px\"><mark style=\"background-color:rgba(0, 0, 0, 0)\" class=\"has-inline-color has-black-color\"><strong>Retour \u00e0 la page ;<\/strong>  <\/mark><mark style=\"background-color:rgba(0, 0, 0, 0)\" class=\"has-inline-color has-vivid-red-color\"><br>&#8211; <strong>Accueil  \ud83d\udd39<\/strong><a href=\"https:\/\/guerisseurdelinvisible.ch\/?page_id=2023\"><strong>ICI<\/strong><\/a>   &#8212;   <strong>Contact \ud83d\udd39<a href=\"https:\/\/guerisseurdelinvisible.ch\/?page_id=428\">ICI<\/a> <\/strong><\/mark><br>&#8211; <mark style=\"background-color:rgba(0, 0, 0, 0)\" class=\"has-inline-color has-luminous-vivid-orange-color\"><strong>Reiki   <\/strong><\/mark>(\u00e9nergie de la force universelle de vie)    \ud83d\udd39<a href=\"https:\/\/guerisseurdelinvisible.ch\/?page_id=206\"><strong>ICI<\/strong><\/a><br>&#8211; <mark style=\"background-color:rgba(0, 0, 0, 0)\" class=\"has-inline-color has-vivid-purple-color\"><strong>Passeur d&rsquo;\u00e2mes <\/strong><\/mark>(les aider \u00e0 cheminer lumi\u00e8re)  \ud83d\udd39<a href=\"https:\/\/guerisseurdelinvisible.ch\/?page_id=194\"><strong>ICI<\/strong><\/a><br> &#8211; <strong><mark style=\"background-color:rgba(0, 0, 0, 0)\" class=\"has-inline-color has-vivid-green-cyan-color\">Processus verbale<\/mark><\/strong> de Lib\u00e9ration des contrats,     pactes, et v\u0153ux, n\u00e9gatifs<strong> <\/strong>  \ud83d\udd39<a href=\"https:\/\/guerisseurdelinvisible.ch\/?page_id=198\"><strong>ICI<\/strong><\/a><br>  &#8211; <strong><mark style=\"background-color:rgba(0, 0, 0, 0)\" class=\"has-inline-color has-vivid-cyan-blue-color\">D\u00e9simplantation <\/mark><\/strong>des dispositifs de limitation spirituelle \ud83d\udd39<a href=\"https:\/\/guerisseurdelinvisible.ch\/?page_id=202\"><strong>ICI<\/strong><\/a><br>&#8211; <strong><mark style=\"background-color:rgba(0, 0, 0, 0)\" class=\"has-inline-color has-vivid-purple-color\">TARIFS \ud83d\udd39\ud83d\udc49<\/mark><\/strong><a href=\"https:\/\/guerisseurdelinvisible.ch\/?page_id=78\"><strong><mark style=\"background-color:rgba(0, 0, 0, 0)\" class=\"has-inline-color has-vivid-cyan-blue-color\">ICI<\/mark><\/strong><\/a><br>&#8211; <strong>CABINET A ECHALLENS<\/strong> \ud83d\udd39\ud83d\udc49<a href=\"https:\/\/guerisseurdelinvisible.ch\/?page_id=4099\"><strong>ICI<\/strong><\/a><br>&#8211; <mark style=\"background-color:rgba(0, 0, 0, 0);color:#bf640f\" class=\"has-inline-color\">Cabinet Villars-Tiercelin<\/mark> \ud83d\udd39\ud83d\udc49<strong><a href=\"https:\/\/guerisseurdelinvisible.ch\/?page_id=264\">ICI<\/a><\/strong><\/p>\n<\/div><\/div>\n\n\n\n<div class=\"wp-block-media-text alignwide has-media-on-the-right is-stacked-on-mobile\" style=\"grid-template-columns:auto 34%\"><figure class=\"wp-block-media-text__media\"><img loading=\"lazy\" width=\"893\" height=\"599\" src=\"https:\/\/guerisseurdelinvisible.ch\/wp-content\/uploads\/2025\/07\/massage-10.jpg\" alt=\"\" class=\"wp-image-3311 size-full\" srcset=\"https:\/\/guerisseurdelinvisible.ch\/wp-content\/uploads\/2025\/07\/massage-10.jpg 893w, https:\/\/guerisseurdelinvisible.ch\/wp-content\/uploads\/2025\/07\/massage-10-300x201.jpg 300w, https:\/\/guerisseurdelinvisible.ch\/wp-content\/uploads\/2025\/07\/massage-10-768x515.jpg 768w\" sizes=\"(max-width: 706px) 89vw, (max-width: 767px) 82vw, 740px\" \/><\/figure><div class=\"wp-block-media-text__content\">\n<p style=\"font-size:17px\">&#8211; <strong><mark style=\"background-color:rgba(0, 0, 0, 0)\" class=\"has-inline-color has-vivid-purple-color\">Massage manuel classique<\/mark><\/strong>  \ud83d\udd39<a href=\"https:\/\/guerisseurdelinvisible.ch\/?page_id=220\"><strong>ICI<\/strong><\/a><br> &#8211; <strong><mark style=\"background-color:rgba(0, 0, 0, 0)\" class=\"has-inline-color has-cyan-bluish-gray-color\">Massage aux pierres chaudes<\/mark><\/strong> \ud83d\udd39<a href=\"https:\/\/guerisseurdelinvisible.ch\/?page_id=223\"><strong>ICI<\/strong><\/a><br>&#8211; Massage assis sur chaise \ud83d\udc49<strong><a href=\"https:\/\/guerisseurdelinvisible.ch\/?page_id=232\">ICI<\/a><\/strong><\/p>\n<\/div><\/div>\n\n\n\n<p class=\"has-white-color has-vivid-purple-background-color has-text-color has-background\" style=\"font-size:18px\"><strong>Prendre un R.D.V   au   079 481 80 00   ou    par E-mail   \ud83d\udd39<\/strong><a href=\"https:\/\/guerisseurdelinvisible.ch\/?page_id=38\"><strong>ICI<\/strong><\/a><\/p>\n\n\n\n<div class=\"wp-block-media-text alignwide has-media-on-the-right is-stacked-on-mobile is-image-fill\"><figure class=\"wp-block-media-text__media\" style=\"background-image:url(https:\/\/guerisseurdelinvisible.ch\/wp-content\/uploads\/2025\/06\/maison.jpg);background-position:50% 50%\"><img loading=\"lazy\" width=\"875\" height=\"543\" src=\"https:\/\/guerisseurdelinvisible.ch\/wp-content\/uploads\/2025\/06\/maison.jpg\" alt=\"\" class=\"wp-image-3247 size-full\" srcset=\"https:\/\/guerisseurdelinvisible.ch\/wp-content\/uploads\/2025\/06\/maison.jpg 875w, https:\/\/guerisseurdelinvisible.ch\/wp-content\/uploads\/2025\/06\/maison-300x186.jpg 300w, https:\/\/guerisseurdelinvisible.ch\/wp-content\/uploads\/2025\/06\/maison-768x477.jpg 768w\" sizes=\"(max-width: 706px) 89vw, (max-width: 767px) 82vw, 740px\" \/><\/figure><div class=\"wp-block-media-text__content\">\n<h2 id=\"block-42c9a8c9-2cfb-447f-838b-22bf6837870a\"><strong><br>Services \u00e0 Domicile<\/strong><\/h2>\n\n\n\n<p id=\"block-aa7bad98-c88a-4726-817b-bc065cf3c289\" style=\"font-size:15px\">Pour votre confort et votre bien-\u00eatre, Daniel Dormond propose ses services \u00e0 domicile pour les prestations suivantes :<\/p>\n\n\n\n<ul id=\"block-b4df3fb2-f659-483e-816b-0697d02ac30d\"><li><strong>S\u00e9ances \u00e9nerg\u00e9tiques<\/strong><\/li><li><strong>Massages classiques<\/strong><br>(d\u00e9tente ou sportif)<\/li><li><strong>G\u00e9obiologie<\/strong><\/li><\/ul>\n<\/div><\/div>\n\n\n\n<p style=\"font-size:15px\">Ces services personnalis\u00e9s vous permettent de b\u00e9n\u00e9ficier d&rsquo;une approche holistique dans l&rsquo;intimit\u00e9 de votre foyer, sans les contraintes de d\u00e9placement.<\/p>\n\n\n\n<p class=\"has-white-color has-luminous-vivid-orange-background-color has-text-color has-background\" style=\"font-size:15px\"><strong>Je me d\u00e9place dans un rayon de 30Km de Villars-Tiercelin<br>Yverdon &#8211; Morges &#8211; Vevey &#8211; Payerne &#8211; Orbe &#8211; etc.<br>Pour la modique somme de CHF. 50.- <br>plus la s\u00e9ance de 60\/75 minutes CHF. 100.-<\/strong><\/p>\n\n\n\n<div class=\"wp-block-media-text alignwide has-media-on-the-right is-stacked-on-mobile\" style=\"grid-template-columns:auto 30%\"><figure class=\"wp-block-media-text__media\"><img loading=\"lazy\" width=\"813\" height=\"542\" src=\"https:\/\/guerisseurdelinvisible.ch\/wp-content\/uploads\/2025\/07\/medecin.jpg\" alt=\"\" class=\"wp-image-3303 size-full\" srcset=\"https:\/\/guerisseurdelinvisible.ch\/wp-content\/uploads\/2025\/07\/medecin.jpg 813w, https:\/\/guerisseurdelinvisible.ch\/wp-content\/uploads\/2025\/07\/medecin-300x200.jpg 300w, https:\/\/guerisseurdelinvisible.ch\/wp-content\/uploads\/2025\/07\/medecin-768x512.jpg 768w\" sizes=\"(max-width: 706px) 89vw, (max-width: 767px) 82vw, 740px\" \/><\/figure><div class=\"wp-block-media-text__content\">\n<p style=\"font-size:15px\">Il est important de souligner que la r\u00e9ception d&rsquo;une s\u00e9ance de bio\u00e9nergie ne remplace en aucun cas les <strong>conseils ou traitements dispens\u00e9s par des professionnels de la sant\u00e9<\/strong>.<\/p>\n<\/div><\/div>\n","protected":false},"excerpt":{"rendered":"<p>Lib\u00e9rez ce qui vous bloque et retrouvez votre \u00e9quilibre int\u00e9rieur Depuis plus de 20 ans, j\u2019accompagne les personnes qui se sentent bloqu\u00e9es, \u00e9puis\u00e9es ou en perte de rep\u00e8res \u00e0 retrouver leur \u00e9nergie, leur stabilit\u00e9 et leur clart\u00e9. Consultations \u00e0 \u00c9challens, Villars-Tiercelin et \u00e0 distance Praticien \u00e9nerg\u00e9tique \u2013 transformation int\u00e9rieure Mon travail consiste \u00e0 identifier ce &hellip; <\/p>\n<p class=\"link-more\"><a href=\"https:\/\/guerisseurdelinvisible.ch\/?p=2056\" class=\"more-link\">Continuer la lecture<span class=\"screen-reader-text\"> de &laquo;&nbsp;Bienvenue sur le site de Daniel Gu\u00e9risseur&nbsp;&raquo;<\/span><\/a><\/p>\n","protected":false},"author":1,"featured_media":0,"comment_status":"open","ping_status":"closed","sticky":false,"template":"","format":"standard","meta":[],"categories":[1],"tags":[],"_links":{"self":[{"href":"https:\/\/guerisseurdelinvisible.ch\/index.php?rest_route=\/wp\/v2\/posts\/2056"}],"collection":[{"href":"https:\/\/guerisseurdelinvisible.ch\/index.php?rest_route=\/wp\/v2\/posts"}],"about":[{"href":"https:\/\/guerisseurdelinvisible.ch\/index.php?rest_route=\/wp\/v2\/types\/post"}],"author":[{"embeddable":true,"href":"https:\/\/guerisseurdelinvisible.ch\/index.php?rest_route=\/wp\/v2\/users\/1"}],"replies":[{"embeddable":true,"href":"https:\/\/guerisseurdelinvisible.ch\/index.php?rest_route=%2Fwp%2Fv2%2Fcomments&post=2056"}],"version-history":[{"count":200,"href":"https:\/\/guerisseurdelinvisible.ch\/index.php?rest_route=\/wp\/v2\/posts\/2056\/revisions"}],"predecessor-version":[{"id":4846,"href":"https:\/\/guerisseurdelinvisible.ch\/index.php?rest_route=\/wp\/v2\/posts\/2056\/revisions\/4846"}],"wp:attachment":[{"href":"https:\/\/guerisseurdelinvisible.ch\/index.php?rest_route=%2Fwp%2Fv2%2Fmedia&parent=2056"}],"wp:term":[{"taxonomy":"category","embeddable":true,"href":"https:\/\/guerisseurdelinvisible.ch\/index.php?rest_route=%2Fwp%2Fv2%2Fcategories&post=2056"},{"taxonomy":"post_tag","embeddable":true,"href":"https:\/\/guerisseurdelinvisible.ch\/index.php?rest_route=%2Fwp%2Fv2%2Ftags&post=2056"}],"curies":[{"name":"wp","href":"https:\/\/api.w.org\/{rel}","templated":true}]}}